{"id":1847,"date":"2026-03-14T15:09:32","date_gmt":"2026-03-14T20:09:32","guid":{"rendered":"https:\/\/palpitariobamba.ec\/?p=1847"},"modified":"2026-03-14T15:09:38","modified_gmt":"2026-03-14T20:09:38","slug":"nuevos-sistema-de-estacionamiento-ser-entra-en-vigencia","status":"publish","type":"post","link":"https:\/\/palpitariobamba.ec\/index.php\/2026\/03\/14\/nuevos-sistema-de-estacionamiento-ser-entra-en-vigencia\/","title":{"rendered":"Nuevos sistema de estacionamiento SER entra en vigencia"},"content":{"rendered":"\n<p>A partir del viernes 13 de marzo de 2026 entrar\u00e1 en operatividad la Ordenanza 016-2025, que establece el nuevo r\u00e9gimen del Sistema de Estacionamiento Riobamba (SER), con tarifas diferenciadas por zonas, horarios espec\u00edficos y espacios destinados para motocicletas, personas con discapacidad y mujeres embarazadas.<\/p>\n\n\n\n<figure class=\"wp-block-image size-large\"><img loading=\"lazy\" decoding=\"async\" width=\"1024\" height=\"626\" src=\"https:\/\/palpitariobamba.ec\/wp-content\/uploads\/2026\/03\/Unknown-5-1024x626.jpeg\" alt=\"\" class=\"wp-image-1848\" srcset=\"https:\/\/palpitariobamba.ec\/wp-content\/uploads\/2026\/03\/Unknown-5-1024x626.jpeg 1024w, https:\/\/palpitariobamba.ec\/wp-content\/uploads\/2026\/03\/Unknown-5-300x183.jpeg 300w, https:\/\/palpitariobamba.ec\/wp-content\/uploads\/2026\/03\/Unknown-5-768x469.jpeg 768w, https:\/\/palpitariobamba.ec\/wp-content\/uploads\/2026\/03\/Unknown-5-1536x939.jpeg 1536w, https:\/\/palpitariobamba.ec\/wp-content\/uploads\/2026\/03\/Unknown-5-1170x715.jpeg 1170w, https:\/\/palpitariobamba.ec\/wp-content\/uploads\/2026\/03\/Unknown-5.jpeg 1574w\" sizes=\"auto, (max-width: 1024px) 100vw, 1024px\" \/><\/figure>\n\n\n\n<!--more-->\n\n\n\n<p>Luis del Pozo, jefe de Supervisi\u00f3n y Control inform\u00f3 que la ciudad ha sido dividida en zonas de alta, media y baja demanda de parqueo definidas a partir de un informe t\u00e9cnico elaborado por la Empresa P\u00fablica de Movilidad Rutas de Riobamba, considerando el \u00edndice de rotaci\u00f3n vehicular. Las tarifas establecidas son de 35 centavos para la zona baja, 40 centavos para la zona media y 50 centavos para la zona alta, con un tiempo m\u00e1ximo de estacionamiento de dos horas. El horario general de funcionamiento del sistema ser\u00e1 de 08h00 a 18h00 en todas las zonas de la ciudad.<\/p>\n\n\n\n<p>Adicionalmente, en sectores espec\u00edficos como las calles circundantes al mercado San Alfonso, el Centro Comercial Popular La Condamine, el mercado La Merced y el entorno del parque Sucre, el servicio se extender\u00e1 hasta las 20h00. Tambi\u00e9n se implementar\u00e1 una tarifa nocturna de 1,05 d\u00f3lares desde los jueves, entre las 19h00 y las 24h00, en \u00e1reas como el parque Guayaquil, la plaza Giralda y la plaza Alfaro. El sistema contempla adem\u00e1s espacios se\u00f1alizados para motocicletas y zonas exclusivas para personas con discapacidad que ser\u00e1 gratuito y mujeres embarazadas como es el caso de la calle Primera Constituyente, entre 5 de Junio y Espejo.<\/p>\n\n\n\n<p>El Sistema de Estacionamiento Riobamba busca regular el uso temporal del espacio p\u00fablico y mejorar la movilidad urbana en la ciudad. En ese sentido, se hace un llamado a la ciudadan\u00eda a respaldar la aplicaci\u00f3n progresiva de la Ordenanza y a mantener respeto hacia los comisionistas que prestan el servicio en la v\u00eda p\u00fablica, quienes recibir\u00e1n el 50% del valor de los tickets como parte del nuevo modelo de gesti\u00f3n del sistema.<\/p>\n","protected":false},"excerpt":{"rendered":"<p>A partir del viernes 13 de marzo de 2026 entrar\u00e1 en operatividad la Ordenanza 016-2025, que establece el nuevo r\u00e9gimen del Sistema de Estacionamiento Riobamba<\/p>\n","protected":false},"author":1,"featured_media":1848,"comment_status":"open","ping_status":"open","sticky":false,"template":"","format":"standard","meta":{"footnotes":""},"categories":[3],"tags":[134,33,4],"class_list":["post-1847","post","type-post","status-publish","format-standard","has-post-thumbnail","hentry","category-ciudad","tag-estacionamiento","tag-municipio","tag-riobamba"],"_links":{"self":[{"href":"https:\/\/palpitariobamba.ec\/index.php\/wp-json\/wp\/v2\/posts\/1847","targetHints":{"allow":["GET"]}}],"collection":[{"href":"https:\/\/palpitariobamba.ec\/index.php\/wp-json\/wp\/v2\/posts"}],"about":[{"href":"https:\/\/palpitariobamba.ec\/index.php\/wp-json\/wp\/v2\/types\/post"}],"author":[{"embeddable":true,"href":"https:\/\/palpitariobamba.ec\/index.php\/wp-json\/wp\/v2\/users\/1"}],"replies":[{"embeddable":true,"href":"https:\/\/palpitariobamba.ec\/index.php\/wp-json\/wp\/v2\/comments?post=1847"}],"version-history":[{"count":1,"href":"https:\/\/palpitariobamba.ec\/index.php\/wp-json\/wp\/v2\/posts\/1847\/revisions"}],"predecessor-version":[{"id":1849,"href":"https:\/\/palpitariobamba.ec\/index.php\/wp-json\/wp\/v2\/posts\/1847\/revisions\/1849"}],"wp:featuredmedia":[{"embeddable":true,"href":"https:\/\/palpitariobamba.ec\/index.php\/wp-json\/wp\/v2\/media\/1848"}],"wp:attachment":[{"href":"https:\/\/palpitariobamba.ec\/index.php\/wp-json\/wp\/v2\/media?parent=1847"}],"wp:term":[{"taxonomy":"category","embeddable":true,"href":"https:\/\/palpitariobamba.ec\/index.php\/wp-json\/wp\/v2\/categories?post=1847"},{"taxonomy":"post_tag","embeddable":true,"href":"https:\/\/palpitariobamba.ec\/index.php\/wp-json\/wp\/v2\/tags?post=1847"}],"curies":[{"name":"wp","href":"https:\/\/api.w.org\/{rel}","templated":true}]}}