{"id":1844,"date":"2026-03-13T14:57:14","date_gmt":"2026-03-13T19:57:14","guid":{"rendered":"https:\/\/palpitariobamba.ec\/?p=1844"},"modified":"2026-03-14T15:02:20","modified_gmt":"2026-03-14T20:02:20","slug":"avanza-la-reconstruccion-del-parque-de-los-adolescentes-en-bellavista","status":"publish","type":"post","link":"https:\/\/palpitariobamba.ec\/index.php\/2026\/03\/13\/avanza-la-reconstruccion-del-parque-de-los-adolescentes-en-bellavista\/","title":{"rendered":"Avanza la reconstrucci\u00f3n del Parque de los Adolescentes en Bellavista\u00a0"},"content":{"rendered":"\n<p>El Municipio de Riobamba contin\u00faa ejecutando la reconstrucci\u00f3n del Parque de Los Adolescentes, ubicado en el sector de Bellavista, una intervenci\u00f3n que busca recuperar este espacio p\u00fablico y transformarlo en un punto de encuentro seguro, recreativo y cultural para ni\u00f1os, adolescentes y familias del sector.<\/p>\n\n\n\n<figure class=\"wp-block-image size-large\"><img loading=\"lazy\" decoding=\"async\" width=\"1024\" height=\"575\" src=\"https:\/\/palpitariobamba.ec\/wp-content\/uploads\/2026\/03\/Unknown-4-2-1024x575.jpeg\" alt=\"\" class=\"wp-image-1845\" srcset=\"https:\/\/palpitariobamba.ec\/wp-content\/uploads\/2026\/03\/Unknown-4-2-1024x575.jpeg 1024w, https:\/\/palpitariobamba.ec\/wp-content\/uploads\/2026\/03\/Unknown-4-2-300x169.jpeg 300w, https:\/\/palpitariobamba.ec\/wp-content\/uploads\/2026\/03\/Unknown-4-2-768x431.jpeg 768w, https:\/\/palpitariobamba.ec\/wp-content\/uploads\/2026\/03\/Unknown-4-2-1170x657.jpeg 1170w, https:\/\/palpitariobamba.ec\/wp-content\/uploads\/2026\/03\/Unknown-4-2.jpeg 1280w\" sizes=\"auto, (max-width: 1024px) 100vw, 1024px\" \/><\/figure>\n\n\n\n<p>El proyecto se desarrolla con el respaldo del Proyecto Alza Tu Voz, la Fundaci\u00f3n Huasipichanga y Lab XXI, organizaciones que han impulsado procesos participativos para fortalecer la apropiaci\u00f3n comunitaria del espacio p\u00fablico en el Ecuador.<\/p>\n\n\n\n<p>La obra contempla un plan de mejoras significativas en sus diferentes \u00e1reas. Entre los trabajos que se ejecutan en esta primera fase se encuentran la reconstrucci\u00f3n de la cancha principal, la implementaci\u00f3n de nuevas caminer\u00edas, la intervenci\u00f3n art\u00edstica mediante murales, as\u00ed como la adecuaci\u00f3n y mejoramiento de los juegos infantiles, con el objetivo de brindar espacios m\u00e1s seguros y funcionales para la comunidad.<\/p>\n\n\n\n<p>Este proyecto se ejecuta por administraci\u00f3n directa de la Direcci\u00f3n de Gesti\u00f3n de Obras P\u00fablicas del Municipio de Riobamba, como parte de la visi\u00f3n de gesti\u00f3n del alcalde John Vinueza Salinas, orientada a recuperar espacios p\u00fablicos y promover entornos que fomenten la convivencia ciudadana.<\/p>\n\n\n\n<p>Luis Mancero, t\u00e9cnico de la Direcci\u00f3n de Gesti\u00f3n de Obras P\u00fablicas, destac\u00f3 que esta intervenci\u00f3n surge a partir del di\u00e1logo con la comunidad. \u201cEsta obra nace de escuchar a los adolescentes y a los habitantes del sector, quienes plantearon la necesidad de mejorar este parque para convertirlo en un espacio donde puedan encontrarse, practicar deporte y desarrollar actividades culturales\u201d, se\u00f1al\u00f3.<\/p>\n\n\n\n<p>Con esta intervenci\u00f3n, el Municipio de Riobamba reafirma su compromiso con la recuperaci\u00f3n de espacios p\u00fablicos y la participaci\u00f3n ciudadana, promoviendo proyectos que respondan a las necesidades reales de los barrios y fortalezcan el tejido social de la ciudad.<\/p>\n","protected":false},"excerpt":{"rendered":"<p>El Municipio de Riobamba contin\u00faa ejecutando la reconstrucci\u00f3n del Parque de Los Adolescentes, ubicado en el sector de Bellavista, una intervenci\u00f3n que busca recuperar este<\/p>\n","protected":false},"author":1,"featured_media":1845,"comment_status":"open","ping_status":"open","sticky":false,"template":"","format":"standard","meta":{"footnotes":""},"categories":[3],"tags":[33,6,4],"class_list":["post-1844","post","type-post","status-publish","format-standard","has-post-thumbnail","hentry","category-ciudad","tag-municipio","tag-obras","tag-riobamba"],"_links":{"self":[{"href":"https:\/\/palpitariobamba.ec\/index.php\/wp-json\/wp\/v2\/posts\/1844","targetHints":{"allow":["GET"]}}],"collection":[{"href":"https:\/\/palpitariobamba.ec\/index.php\/wp-json\/wp\/v2\/posts"}],"about":[{"href":"https:\/\/palpitariobamba.ec\/index.php\/wp-json\/wp\/v2\/types\/post"}],"author":[{"embeddable":true,"href":"https:\/\/palpitariobamba.ec\/index.php\/wp-json\/wp\/v2\/users\/1"}],"replies":[{"embeddable":true,"href":"https:\/\/palpitariobamba.ec\/index.php\/wp-json\/wp\/v2\/comments?post=1844"}],"version-history":[{"count":1,"href":"https:\/\/palpitariobamba.ec\/index.php\/wp-json\/wp\/v2\/posts\/1844\/revisions"}],"predecessor-version":[{"id":1846,"href":"https:\/\/palpitariobamba.ec\/index.php\/wp-json\/wp\/v2\/posts\/1844\/revisions\/1846"}],"wp:featuredmedia":[{"embeddable":true,"href":"https:\/\/palpitariobamba.ec\/index.php\/wp-json\/wp\/v2\/media\/1845"}],"wp:attachment":[{"href":"https:\/\/palpitariobamba.ec\/index.php\/wp-json\/wp\/v2\/media?parent=1844"}],"wp:term":[{"taxonomy":"category","embeddable":true,"href":"https:\/\/palpitariobamba.ec\/index.php\/wp-json\/wp\/v2\/categories?post=1844"},{"taxonomy":"post_tag","embeddable":true,"href":"https:\/\/palpitariobamba.ec\/index.php\/wp-json\/wp\/v2\/tags?post=1844"}],"curies":[{"name":"wp","href":"https:\/\/api.w.org\/{rel}","templated":true}]}}