{"id":1825,"date":"2026-03-05T20:51:22","date_gmt":"2026-03-06T01:51:22","guid":{"rendered":"https:\/\/palpitariobamba.ec\/?p=1825"},"modified":"2026-03-14T09:01:01","modified_gmt":"2026-03-14T14:01:01","slug":"cuerpo-de-bomberos-de-riobamba-fortalece-su-capacidad-operativa-con-nuevos-equipos-de-proteccion-personal","status":"publish","type":"post","link":"https:\/\/palpitariobamba.ec\/index.php\/2026\/03\/05\/cuerpo-de-bomberos-de-riobamba-fortalece-su-capacidad-operativa-con-nuevos-equipos-de-proteccion-personal\/","title":{"rendered":"Cuerpo de Bomberos de Riobamba fortalece su capacidad operativa con nuevos equipos de protecci\u00f3n personal"},"content":{"rendered":"\n<p>En el marco de su plan de actualizaci\u00f3n de recursos t\u00e1cticos, el Cuerpo de Bomberos de Riobamba realiz\u00f3 la entrega de nuevos Equipos de Protecci\u00f3n Personal (EPP) destinados al personal operativo de la instituci\u00f3n. El acto se desarroll\u00f3 la ma\u00f1ana de este jueves durante un evento protocolar efectuado en la compa\u00f1\u00eda de bomberos ubicada en el sector de Las Acacias.<\/p>\n\n\n\n<figure class=\"wp-block-image size-large\"><img loading=\"lazy\" decoding=\"async\" width=\"1024\" height=\"683\" src=\"https:\/\/palpitariobamba.ec\/wp-content\/uploads\/2026\/03\/Unknown-4-1024x683.jpeg\" alt=\"\" class=\"wp-image-1826\" srcset=\"https:\/\/palpitariobamba.ec\/wp-content\/uploads\/2026\/03\/Unknown-4-1024x683.jpeg 1024w, https:\/\/palpitariobamba.ec\/wp-content\/uploads\/2026\/03\/Unknown-4-300x200.jpeg 300w, https:\/\/palpitariobamba.ec\/wp-content\/uploads\/2026\/03\/Unknown-4-768x512.jpeg 768w, https:\/\/palpitariobamba.ec\/wp-content\/uploads\/2026\/03\/Unknown-4-1536x1024.jpeg 1536w, https:\/\/palpitariobamba.ec\/wp-content\/uploads\/2026\/03\/Unknown-4-1170x780.jpeg 1170w, https:\/\/palpitariobamba.ec\/wp-content\/uploads\/2026\/03\/Unknown-4.jpeg 1600w\" sizes=\"auto, (max-width: 1024px) 100vw, 1024px\" \/><\/figure>\n\n\n\n<!--more-->\n\n\n\n<p>La entrega estuvo encabezada por el jefe del Cuerpo de Bomberos de Riobamba, Myr. (B) Orlando Vallejo, quien destac\u00f3 la importancia de fortalecer las condiciones de seguridad del personal que interviene en emergencias estructurales, rescates y otros escenarios de alto riesgo.<\/p>\n\n\n\n<p>Los equipos incorporados han sido dise\u00f1ados bajo estrictas normativas internacionales de seguridad, orientadas a garantizar una adecuada resistencia t\u00e9rmica y protecci\u00f3n frente a los peligros asociados al combate de incendios.<\/p>\n\n\n\n<p>Est\u00e1ndares como los establecidos por la National Fire Protection Association (NFPA) determinan que el equipamiento para bomberos debe ser capaz de soportar altas temperaturas, exposici\u00f3n directa a las llamas, riesgos mec\u00e1nicos y contacto con sustancias peligrosas, permitiendo a los bomberos operar con mayor seguridad en entornos adversos.<\/p>\n\n\n\n<p>El equipo de protecci\u00f3n personal utilizado en operaciones contra incendios constituye un sistema integral de seguridad que incluye prendas resistentes al fuego, cascos, guantes y botas especiales, dise\u00f1ados para proteger al bombero del calor extremo, gases t\u00f3xicos, impactos y otros riesgos propios de las emergencias.<\/p>\n\n\n\n<p>Seg\u00fan inform\u00f3 el jefe del CBR, esta nueva dotaci\u00f3n busca reducir los riesgos de exposici\u00f3n al calor, humo y sustancias peligrosas durante las intervenciones, adem\u00e1s de brindar mayor movilidad y ergonom\u00eda al personal operativo, aspectos clave para mejorar los tiempos de respuesta y la eficacia de las labores de rescate.<\/p>\n\n\n\n<p>Durante el acto protocolar tambi\u00e9n se resalt\u00f3 que la modernizaci\u00f3n del equipamiento constituye un elemento fundamental para salvaguardar la integridad f\u00edsica de los bomberos, quienes enfrentan escenarios de alta complejidad durante la atenci\u00f3n de incendios, rescates y otras emergencias.<br>Adem\u00e1s, se indic\u00f3 que la inversi\u00f3n en tecnolog\u00eda y equipamiento especializado forma parte de un proceso permanente de fortalecimiento institucional, orientado a garantizar una respuesta m\u00e1s segura y eficiente en beneficio de la ciudadan\u00eda.<\/p>\n","protected":false},"excerpt":{"rendered":"<p>En el marco de su plan de actualizaci\u00f3n de recursos t\u00e1cticos, el Cuerpo de Bomberos de Riobamba realiz\u00f3 la entrega de nuevos Equipos de Protecci\u00f3n<\/p>\n","protected":false},"author":1,"featured_media":1826,"comment_status":"open","ping_status":"open","sticky":false,"template":"","format":"standard","meta":{"footnotes":""},"categories":[3],"tags":[43,4],"class_list":["post-1825","post","type-post","status-publish","format-standard","has-post-thumbnail","hentry","category-ciudad","tag-bomberos","tag-riobamba"],"_links":{"self":[{"href":"https:\/\/palpitariobamba.ec\/index.php\/wp-json\/wp\/v2\/posts\/1825","targetHints":{"allow":["GET"]}}],"collection":[{"href":"https:\/\/palpitariobamba.ec\/index.php\/wp-json\/wp\/v2\/posts"}],"about":[{"href":"https:\/\/palpitariobamba.ec\/index.php\/wp-json\/wp\/v2\/types\/post"}],"author":[{"embeddable":true,"href":"https:\/\/palpitariobamba.ec\/index.php\/wp-json\/wp\/v2\/users\/1"}],"replies":[{"embeddable":true,"href":"https:\/\/palpitariobamba.ec\/index.php\/wp-json\/wp\/v2\/comments?post=1825"}],"version-history":[{"count":1,"href":"https:\/\/palpitariobamba.ec\/index.php\/wp-json\/wp\/v2\/posts\/1825\/revisions"}],"predecessor-version":[{"id":1827,"href":"https:\/\/palpitariobamba.ec\/index.php\/wp-json\/wp\/v2\/posts\/1825\/revisions\/1827"}],"wp:featuredmedia":[{"embeddable":true,"href":"https:\/\/palpitariobamba.ec\/index.php\/wp-json\/wp\/v2\/media\/1826"}],"wp:attachment":[{"href":"https:\/\/palpitariobamba.ec\/index.php\/wp-json\/wp\/v2\/media?parent=1825"}],"wp:term":[{"taxonomy":"category","embeddable":true,"href":"https:\/\/palpitariobamba.ec\/index.php\/wp-json\/wp\/v2\/categories?post=1825"},{"taxonomy":"post_tag","embeddable":true,"href":"https:\/\/palpitariobamba.ec\/index.php\/wp-json\/wp\/v2\/tags?post=1825"}],"curies":[{"name":"wp","href":"https:\/\/api.w.org\/{rel}","templated":true}]}}